{"id":331,"date":"2021-06-15T11:25:00","date_gmt":"2021-06-15T06:25:00","guid":{"rendered":"http:\/\/bklaw.com.co\/?p=331"},"modified":"2021-11-05T04:12:32","modified_gmt":"2021-11-04T23:12:32","slug":"colombia-covid-and-economic-reactivation","status":"publish","type":"post","link":"https:\/\/www.bendiksenlaw.co\/es\/colombia-el-covid-y-la-reactivacion-economica\/","title":{"rendered":"Colombia, el COVID y la reactivaci\u00f3n econ\u00f3mica"},"content":{"rendered":"<p>El gobierno nacional emiti\u00f3 el Decreto 580 de 2021 mediante el cual se extendi\u00f3 el aislamiento selectivo hasta el 1 de septiembre. Sin embargo, el decreto busca que los alcaldes y gobernadores establezcan normas que inciten la reactivaci\u00f3n econ\u00f3mica segura en este tiempo de pandemia, permitiendo as\u00ed una gradual recuperaci\u00f3n del sector empresarial.<\/p>\n\n\n\n<p>Mediante el Decreto 580 tambi\u00e9n se busca que, en caso de considerarse la alternativa de cierre econ\u00f3mico por el alza en los contagios, \u00e9ste no se haga de forma intempestiva, generando m\u00e1s da\u00f1o al tejido empresarial. Por ello, para la implementaci\u00f3n de medidas de cierre ser\u00e1 necesario contar con el concepto favorable del Ministerio de Salud y la aprobaci\u00f3n del Ministerio del Interior.<\/p>\n\n\n\n<p>Con la moderaci\u00f3n a los cierres y limitaci\u00f3n de actividades econ\u00f3micas se busca ayudar a la reactivaci\u00f3n empresarial, sin embargo, estas medidas no son suficientes para fomentar dicha reactivaci\u00f3n al 100%. Por esto, el gobierno ha propuesto medidas como: (i) l\u00edneas de cr\u00e9dito garantizadas, (ii) aplazamiento de obligaciones tributarias y (iii) estrategias de fomento a la inversi\u00f3n. Dichos beneficios ser\u00e1n accesibles para todas las empresas, pero se les dar\u00e1 prioridad a las micro y peque\u00f1as empresas, debido a los grandes aprietos econ\u00f3micos que han sufrido durante la pandemia.<\/p>\n\n\n\n<p>En materia de l\u00edneas de cr\u00e9dito, por ejemplo, el Ministerio de Comercio junto a Bancoldex buscan implementar tres programas de cr\u00e9dito cuya suma ascender\u00eda a 700 mil millones de pesos, los cuales se repartir\u00edan de la siguiente forma:  200 mil millones buscar\u00edan fortalecer la l\u00ednea de cr\u00e9dito a las pymes, 100 mil millones para apoyo a microempresas, emprendedores e independientes para inversi\u00f3n, y 400 mil millones se enfocar\u00edan en una l\u00ednea de redescuento para todas las micro y peque\u00f1as empresas que hayan adquirido cupos de deuda por motivo de la pandemia.<\/p>\n\n\n\n<p>El Sistema Nacional de Cr\u00e9dito Agropecuario tendr\u00e1 disponible una suma de 15 billones para ser utilizada en inversi\u00f3n, o normalizaci\u00f3n de cartera. Igualmente, el Fondo Nacional de Garant\u00edas, a trav\u00e9s de su programa \u201cUnidos por Colombia\u201d, plante\u00f3 l\u00edneas de cr\u00e9dito garantizadas para microfinancieras y trabajadores independientes que ya hagan parte de este programa.<\/p>\n\n\n\n<p>Otras medidas de apoyo ser\u00e1n: (i) el aplazamiento del pago de la cuota de impuesto a la renta de 2020 de micro y peque\u00f1as empresas, aplazando en dos meses la primera cuota y en cinco meses la segunda,(ii) se estableci\u00f3 una tarifa del 0% como anticipo del a\u00f1o gravable 2021,  (iii) la iniciativa \u201cReactivatech\u201d que buscar\u00e1 fortalecer los negocios, conocimientos y herramientas digitales de emprendedores y empresarios, y (iv) estrategias de condonaciones de intereses corrientes y de mora para traer alivio a los deudores.<\/p>\n\n\n\n<p>Si desea conocer como aplicar a cualquiera de los incentivos o estrategias de reactivaci\u00f3n econ\u00f3mica en B\u00e9ndiksenLaw podemos guiarlo.<\/p>\n\n\n\n<p><a href=\"https:\/\/www.bendiksenlaw.co\/es\/contacto\/\">contactarnos<\/a> para m\u00e1s informaci\u00f3n.<\/p>\n\n\n\n<figure class=\"wp-block-embed\"><div class=\"wp-block-embed__wrapper\">\nhttps:\/\/www.ambitojuridico.com\/noticias\/general\/administracion-publica\/estas-son-las-medidas-para-la-reactivacion-empresarial\n<\/div><\/figure>","protected":false},"excerpt":{"rendered":"<p>The Colombian government issued Decree 580 of 2021 which extended the \u201cselective isolation\u201d measures until September 1. However, the Decree seeks that mayors and governors establish measures that encourage a safe economic reactivation during the pandemic, allowing a gradual recovery for the business sector. Decree 580 also seeks that when closure of economic activity is [&hellip;]<\/p>","protected":false},"author":3,"featured_media":1323,"comment_status":"closed","ping_status":"closed","sticky":false,"template":"","format":"standard","meta":{"_acf_changed":false,"footnotes":""},"categories":[6],"tags":[],"class_list":["post-331","post","type-post","status-publish","format-standard","has-post-thumbnail","hentry","category-news"],"acf":[],"yoast_head":"<!-- This site is optimized with the Yoast SEO plugin v22.4 - https:\/\/yoast.com\/wordpress\/plugins\/seo\/ -->\n<title>Colombia, COVID and economic reactivation - B\u00e9ndiksenLaw<\/title>\n<meta name=\"robots\" content=\"index, follow, max-snippet:-1, max-image-preview:large, max-video-preview:-1\" \/>\n<link rel=\"canonical\" href=\"https:\/\/www.bendiksenlaw.co\/es\/colombia-el-covid-y-la-reactivacion-economica\/\" \/>\n<meta property=\"og:locale\" content=\"es_ES\" \/>\n<meta property=\"og:type\" content=\"article\" \/>\n<meta property=\"og:title\" content=\"Colombia, COVID and economic reactivation - B\u00e9ndiksenLaw\" \/>\n<meta property=\"og:description\" content=\"The Colombian government issued Decree 580 of 2021 which extended the \u201cselective isolation\u201d measures until September 1. However, the Decree seeks that mayors and governors establish measures that encourage a safe economic reactivation during the pandemic, allowing a gradual recovery for the business sector. Decree 580 also seeks that when closure of economic activity is [&hellip;]\" \/>\n<meta property=\"og:url\" content=\"https:\/\/www.bendiksenlaw.co\/es\/colombia-el-covid-y-la-reactivacion-economica\/\" \/>\n<meta property=\"og:site_name\" content=\"B\u00e9ndiksenLaw\" \/>\n<meta property=\"article:published_time\" content=\"2021-06-15T06:25:00+00:00\" \/>\n<meta property=\"article:modified_time\" content=\"2021-11-04T23:12:32+00:00\" \/>\n<meta property=\"og:image\" content=\"https:\/\/www.bendiksenlaw.co\/wp-content\/uploads\/2021\/06\/businessman-holding-tablet-showing-holographic-graphs-stock-market-statistics-gain-profits_79161-706.jpg\" \/>\n\t<meta property=\"og:image:width\" content=\"626\" \/>\n\t<meta property=\"og:image:height\" content=\"352\" \/>\n\t<meta property=\"og:image:type\" content=\"image\/jpeg\" \/>\n<meta name=\"author\" content=\"B\u00e9ndiksenLaw\" \/>\n<meta name=\"twitter:card\" content=\"summary_large_image\" \/>\n<meta name=\"twitter:label1\" content=\"Escrito por\" \/>\n\t<meta name=\"twitter:data1\" content=\"B\u00e9ndiksenLaw\" \/>\n\t<meta name=\"twitter:label2\" content=\"Tiempo estimado de lectura\" \/>\n\t<meta name=\"twitter:data2\" content=\"2 minutos\" \/>\n<script type=\"application\/ld+json\" class=\"yoast-schema-graph\">{\"@context\":\"https:\/\/schema.org\",\"@graph\":[{\"@type\":\"WebPage\",\"@id\":\"https:\/\/www.bendiksenlaw.co\/colombia-covid-and-economic-reactivation\/\",\"url\":\"https:\/\/www.bendiksenlaw.co\/colombia-covid-and-economic-reactivation\/\",\"name\":\"Colombia, COVID and economic reactivation - B\u00e9ndiksenLaw\",\"isPartOf\":{\"@id\":\"https:\/\/www.bendiksenlaw.co\/#website\"},\"primaryImageOfPage\":{\"@id\":\"https:\/\/www.bendiksenlaw.co\/colombia-covid-and-economic-reactivation\/#primaryimage\"},\"image\":{\"@id\":\"https:\/\/www.bendiksenlaw.co\/colombia-covid-and-economic-reactivation\/#primaryimage\"},\"thumbnailUrl\":\"https:\/\/www.bendiksenlaw.co\/wp-content\/uploads\/2021\/06\/businessman-holding-tablet-showing-holographic-graphs-stock-market-statistics-gain-profits_79161-706.jpg\",\"datePublished\":\"2021-06-15T06:25:00+00:00\",\"dateModified\":\"2021-11-04T23:12:32+00:00\",\"author\":{\"@id\":\"https:\/\/www.bendiksenlaw.co\/#\/schema\/person\/3b44ad0a4d025595b0f18e6c407569e5\"},\"breadcrumb\":{\"@id\":\"https:\/\/www.bendiksenlaw.co\/colombia-covid-and-economic-reactivation\/#breadcrumb\"},\"inLanguage\":\"es-CO\",\"potentialAction\":[{\"@type\":\"ReadAction\",\"target\":[\"https:\/\/www.bendiksenlaw.co\/colombia-covid-and-economic-reactivation\/\"]}]},{\"@type\":\"ImageObject\",\"inLanguage\":\"es-CO\",\"@id\":\"https:\/\/www.bendiksenlaw.co\/colombia-covid-and-economic-reactivation\/#primaryimage\",\"url\":\"https:\/\/www.bendiksenlaw.co\/wp-content\/uploads\/2021\/06\/businessman-holding-tablet-showing-holographic-graphs-stock-market-statistics-gain-profits_79161-706.jpg\",\"contentUrl\":\"https:\/\/www.bendiksenlaw.co\/wp-content\/uploads\/2021\/06\/businessman-holding-tablet-showing-holographic-graphs-stock-market-statistics-gain-profits_79161-706.jpg\",\"width\":626,\"height\":352},{\"@type\":\"BreadcrumbList\",\"@id\":\"https:\/\/www.bendiksenlaw.co\/colombia-covid-and-economic-reactivation\/#breadcrumb\",\"itemListElement\":[{\"@type\":\"ListItem\",\"position\":1,\"name\":\"Home\",\"item\":\"https:\/\/www.bendiksenlaw.co\/\"},{\"@type\":\"ListItem\",\"position\":2,\"name\":\"Colombia, COVID and economic reactivation\"}]},{\"@type\":\"WebSite\",\"@id\":\"https:\/\/www.bendiksenlaw.co\/#website\",\"url\":\"https:\/\/www.bendiksenlaw.co\/\",\"name\":\"B\u00e9ndiksenLaw\",\"description\":\"Getting ahead\",\"potentialAction\":[{\"@type\":\"SearchAction\",\"target\":{\"@type\":\"EntryPoint\",\"urlTemplate\":\"https:\/\/www.bendiksenlaw.co\/?s={search_term_string}\"},\"query-input\":\"required name=search_term_string\"}],\"inLanguage\":\"es-CO\"},{\"@type\":\"Person\",\"@id\":\"https:\/\/www.bendiksenlaw.co\/#\/schema\/person\/3b44ad0a4d025595b0f18e6c407569e5\",\"name\":\"B\u00e9ndiksenLaw\",\"url\":\"https:\/\/www.bendiksenlaw.co\/es\/author\/contenido\/\"}]}<\/script>\n<!-- \/ Yoast SEO plugin. -->","yoast_head_json":{"title":"Colombia, COVID and economic reactivation - B\u00e9ndiksenLaw","robots":{"index":"index","follow":"follow","max-snippet":"max-snippet:-1","max-image-preview":"max-image-preview:large","max-video-preview":"max-video-preview:-1"},"canonical":"https:\/\/www.bendiksenlaw.co\/es\/colombia-el-covid-y-la-reactivacion-economica\/","og_locale":"es_ES","og_type":"article","og_title":"Colombia, COVID and economic reactivation - B\u00e9ndiksenLaw","og_description":"The Colombian government issued Decree 580 of 2021 which extended the \u201cselective isolation\u201d measures until September 1. However, the Decree seeks that mayors and governors establish measures that encourage a safe economic reactivation during the pandemic, allowing a gradual recovery for the business sector. Decree 580 also seeks that when closure of economic activity is [&hellip;]","og_url":"https:\/\/www.bendiksenlaw.co\/es\/colombia-el-covid-y-la-reactivacion-economica\/","og_site_name":"B\u00e9ndiksenLaw","article_published_time":"2021-06-15T06:25:00+00:00","article_modified_time":"2021-11-04T23:12:32+00:00","og_image":[{"width":626,"height":352,"url":"https:\/\/www.bendiksenlaw.co\/wp-content\/uploads\/2021\/06\/businessman-holding-tablet-showing-holographic-graphs-stock-market-statistics-gain-profits_79161-706.jpg","type":"image\/jpeg"}],"author":"B\u00e9ndiksenLaw","twitter_card":"summary_large_image","twitter_misc":{"Escrito por":"B\u00e9ndiksenLaw","Tiempo estimado de lectura":"2 minutos"},"schema":{"@context":"https:\/\/schema.org","@graph":[{"@type":"WebPage","@id":"https:\/\/www.bendiksenlaw.co\/colombia-covid-and-economic-reactivation\/","url":"https:\/\/www.bendiksenlaw.co\/colombia-covid-and-economic-reactivation\/","name":"Colombia, COVID and economic reactivation - B\u00e9ndiksenLaw","isPartOf":{"@id":"https:\/\/www.bendiksenlaw.co\/#website"},"primaryImageOfPage":{"@id":"https:\/\/www.bendiksenlaw.co\/colombia-covid-and-economic-reactivation\/#primaryimage"},"image":{"@id":"https:\/\/www.bendiksenlaw.co\/colombia-covid-and-economic-reactivation\/#primaryimage"},"thumbnailUrl":"https:\/\/www.bendiksenlaw.co\/wp-content\/uploads\/2021\/06\/businessman-holding-tablet-showing-holographic-graphs-stock-market-statistics-gain-profits_79161-706.jpg","datePublished":"2021-06-15T06:25:00+00:00","dateModified":"2021-11-04T23:12:32+00:00","author":{"@id":"https:\/\/www.bendiksenlaw.co\/#\/schema\/person\/3b44ad0a4d025595b0f18e6c407569e5"},"breadcrumb":{"@id":"https:\/\/www.bendiksenlaw.co\/colombia-covid-and-economic-reactivation\/#breadcrumb"},"inLanguage":"es-CO","potentialAction":[{"@type":"ReadAction","target":["https:\/\/www.bendiksenlaw.co\/colombia-covid-and-economic-reactivation\/"]}]},{"@type":"ImageObject","inLanguage":"es-CO","@id":"https:\/\/www.bendiksenlaw.co\/colombia-covid-and-economic-reactivation\/#primaryimage","url":"https:\/\/www.bendiksenlaw.co\/wp-content\/uploads\/2021\/06\/businessman-holding-tablet-showing-holographic-graphs-stock-market-statistics-gain-profits_79161-706.jpg","contentUrl":"https:\/\/www.bendiksenlaw.co\/wp-content\/uploads\/2021\/06\/businessman-holding-tablet-showing-holographic-graphs-stock-market-statistics-gain-profits_79161-706.jpg","width":626,"height":352},{"@type":"BreadcrumbList","@id":"https:\/\/www.bendiksenlaw.co\/colombia-covid-and-economic-reactivation\/#breadcrumb","itemListElement":[{"@type":"ListItem","position":1,"name":"Home","item":"https:\/\/www.bendiksenlaw.co\/"},{"@type":"ListItem","position":2,"name":"Colombia, COVID and economic reactivation"}]},{"@type":"WebSite","@id":"https:\/\/www.bendiksenlaw.co\/#website","url":"https:\/\/www.bendiksenlaw.co\/","name":"B\u00e9ndiksenLaw","description":"Getting ahead","potentialAction":[{"@type":"SearchAction","target":{"@type":"EntryPoint","urlTemplate":"https:\/\/www.bendiksenlaw.co\/?s={search_term_string}"},"query-input":"required name=search_term_string"}],"inLanguage":"es-CO"},{"@type":"Person","@id":"https:\/\/www.bendiksenlaw.co\/#\/schema\/person\/3b44ad0a4d025595b0f18e6c407569e5","name":"B\u00e9ndiksenLaw","url":"https:\/\/www.bendiksenlaw.co\/es\/author\/contenido\/"}]}},"_links":{"self":[{"href":"https:\/\/www.bendiksenlaw.co\/es\/wp-json\/wp\/v2\/posts\/331","targetHints":{"allow":["GET"]}}],"collection":[{"href":"https:\/\/www.bendiksenlaw.co\/es\/wp-json\/wp\/v2\/posts"}],"about":[{"href":"https:\/\/www.bendiksenlaw.co\/es\/wp-json\/wp\/v2\/types\/post"}],"author":[{"embeddable":true,"href":"https:\/\/www.bendiksenlaw.co\/es\/wp-json\/wp\/v2\/users\/3"}],"replies":[{"embeddable":true,"href":"https:\/\/www.bendiksenlaw.co\/es\/wp-json\/wp\/v2\/comments?post=331"}],"version-history":[{"count":4,"href":"https:\/\/www.bendiksenlaw.co\/es\/wp-json\/wp\/v2\/posts\/331\/revisions"}],"predecessor-version":[{"id":1264,"href":"https:\/\/www.bendiksenlaw.co\/es\/wp-json\/wp\/v2\/posts\/331\/revisions\/1264"}],"wp:featuredmedia":[{"embeddable":true,"href":"https:\/\/www.bendiksenlaw.co\/es\/wp-json\/wp\/v2\/media\/1323"}],"wp:attachment":[{"href":"https:\/\/www.bendiksenlaw.co\/es\/wp-json\/wp\/v2\/media?parent=331"}],"wp:term":[{"taxonomy":"category","embeddable":true,"href":"https:\/\/www.bendiksenlaw.co\/es\/wp-json\/wp\/v2\/categories?post=331"},{"taxonomy":"post_tag","embeddable":true,"href":"https:\/\/www.bendiksenlaw.co\/es\/wp-json\/wp\/v2\/tags?post=331"}],"curies":[{"name":"wp","href":"https:\/\/api.w.org\/{rel}","templated":true}]}}