{"id":2190,"date":"2023-09-08T14:58:00","date_gmt":"2023-09-08T09:58:00","guid":{"rendered":"https:\/\/www.bendiksenlaw.co\/?p=2190"},"modified":"2023-09-09T00:59:29","modified_gmt":"2023-09-08T19:59:29","slug":"sebastian-bendiksen-our-managing-partner-reveals-the-opportunities-and-challenges-of-trade-between-colombia-and-peru-in-revista-semana","status":"publish","type":"post","link":"https:\/\/www.bendiksenlaw.co\/es\/sebastian-bendiksen-nuestro-socio-director-revela-las-oportunidades-y-desafios-del-comercio-entre-colombia-y-peru-en-revista-semana\/","title":{"rendered":"Sebasti\u00e1n B\u00e9ndiksen, Nuestro Socio Director, Revela las Oportunidades y Desaf\u00edos del Comercio Entre Colombia y Per\u00fa en Revista Semana"},"content":{"rendered":"<p>Nuestro socio director y especialista en derecho corporativo, Sebasti\u00e1n B\u00e9ndiksen, comparte su perspicacia con Revista Semana sobre la entrada de empresas peruanas en Colombia y su impacto en la creciente integraci\u00f3n econ\u00f3mica y comercial entre estas dos naciones.<\/p>\n\n\n\n<p>Descubra m\u00e1s acerca de esta expansi\u00f3n empresarial y sus potenciales contribuciones.<\/p>\n\n\n\n<p>Lea a la noticia <a href=\"https:\/\/www.semana.com\/economia\/macroeconomia\/articulo\/el-comercio-peruano-encontro-en-colombia-un-nuevo-destino-de-crecimiento\/202316\/\">aqu\u00ed<\/a>.<\/p>","protected":false},"excerpt":{"rendered":"<p>Our managing partner and specialist in corporate law, Sebasti\u00e1n B\u00e9ndiksen, shares his insight with Revista Semana on the entry of Peruvian companies into Colombia and its impact on the growing economic and commercial integration between these two nations. Find out more about this business expansion and its potential contributions. Read the news (in spanish) here.<\/p>","protected":false},"author":3,"featured_media":2218,"comment_status":"closed","ping_status":"closed","sticky":false,"template":"","format":"standard","meta":{"_acf_changed":false,"footnotes":""},"categories":[1],"tags":[43,103,47,176,82,70,177],"class_list":["post-2190","post","type-post","status-publish","format-standard","has-post-thumbnail","hentry","category-uncategorized","tag-bendiksenlaw","tag-business","tag-colombia","tag-commercial","tag-companies","tag-corporate-law","tag-economy"],"acf":[],"yoast_head":"<!-- This site is optimized with the Yoast SEO plugin v22.4 - https:\/\/yoast.com\/wordpress\/plugins\/seo\/ -->\n<title>Sebasti\u00e1n B\u00e9ndiksen, Our Managing Partner, Reveals the Opportunities and Challenges of Trade between Colombia and Peru in Revista Semana - B\u00e9ndiksenLaw<\/title>\n<meta name=\"description\" content=\"Exciting news! Our managing partner talks to Revista Semana about the entry of Peruvian companies into Colombia and, its commercial and economic impact between these two countries.\" \/>\n<meta name=\"robots\" content=\"index, follow, max-snippet:-1, max-image-preview:large, max-video-preview:-1\" \/>\n<link rel=\"canonical\" href=\"https:\/\/www.bendiksenlaw.co\/es\/sebastian-bendiksen-nuestro-socio-director-revela-las-oportunidades-y-desafios-del-comercio-entre-colombia-y-peru-en-revista-semana\/\" \/>\n<meta property=\"og:locale\" content=\"es_ES\" \/>\n<meta property=\"og:type\" content=\"article\" \/>\n<meta property=\"og:title\" content=\"Sebasti\u00e1n B\u00e9ndiksen, Our Managing Partner, Reveals the Opportunities and Challenges of Trade between Colombia and Peru in Revista Semana - B\u00e9ndiksenLaw\" \/>\n<meta property=\"og:description\" content=\"Exciting news! Our managing partner talks to Revista Semana about the entry of Peruvian companies into Colombia and, its commercial and economic impact between these two countries.\" \/>\n<meta property=\"og:url\" content=\"https:\/\/www.bendiksenlaw.co\/es\/sebastian-bendiksen-nuestro-socio-director-revela-las-oportunidades-y-desafios-del-comercio-entre-colombia-y-peru-en-revista-semana\/\" \/>\n<meta property=\"og:site_name\" content=\"B\u00e9ndiksenLaw\" \/>\n<meta property=\"article:published_time\" content=\"2023-09-08T09:58:00+00:00\" \/>\n<meta property=\"article:modified_time\" content=\"2023-09-08T19:59:29+00:00\" \/>\n<meta property=\"og:image\" content=\"https:\/\/www.bendiksenlaw.co\/wp-content\/uploads\/2023\/09\/2023-09-06-BENDIKSENLAW-Imagen-Blog-Ingles.jpg\" \/>\n\t<meta property=\"og:image:width\" content=\"1200\" \/>\n\t<meta property=\"og:image:height\" content=\"1200\" \/>\n\t<meta property=\"og:image:type\" content=\"image\/jpeg\" \/>\n<meta name=\"author\" content=\"B\u00e9ndiksenLaw\" \/>\n<meta name=\"twitter:card\" content=\"summary_large_image\" \/>\n<meta name=\"twitter:label1\" content=\"Escrito por\" \/>\n\t<meta name=\"twitter:data1\" content=\"B\u00e9ndiksenLaw\" \/>\n<script type=\"application\/ld+json\" class=\"yoast-schema-graph\">{\"@context\":\"https:\/\/schema.org\",\"@graph\":[{\"@type\":\"WebPage\",\"@id\":\"https:\/\/www.bendiksenlaw.co\/sebastian-bendiksen-our-managing-partner-reveals-the-opportunities-and-challenges-of-trade-between-colombia-and-peru-in-revista-semana\/\",\"url\":\"https:\/\/www.bendiksenlaw.co\/sebastian-bendiksen-our-managing-partner-reveals-the-opportunities-and-challenges-of-trade-between-colombia-and-peru-in-revista-semana\/\",\"name\":\"Sebasti\u00e1n B\u00e9ndiksen, Our Managing Partner, Reveals the Opportunities and Challenges of Trade between Colombia and Peru in Revista Semana - B\u00e9ndiksenLaw\",\"isPartOf\":{\"@id\":\"https:\/\/www.bendiksenlaw.co\/#website\"},\"primaryImageOfPage\":{\"@id\":\"https:\/\/www.bendiksenlaw.co\/sebastian-bendiksen-our-managing-partner-reveals-the-opportunities-and-challenges-of-trade-between-colombia-and-peru-in-revista-semana\/#primaryimage\"},\"image\":{\"@id\":\"https:\/\/www.bendiksenlaw.co\/sebastian-bendiksen-our-managing-partner-reveals-the-opportunities-and-challenges-of-trade-between-colombia-and-peru-in-revista-semana\/#primaryimage\"},\"thumbnailUrl\":\"https:\/\/www.bendiksenlaw.co\/wp-content\/uploads\/2023\/09\/2023-09-06-BENDIKSENLAW-Imagen-Blog-Ingles.jpg\",\"datePublished\":\"2023-09-08T09:58:00+00:00\",\"dateModified\":\"2023-09-08T19:59:29+00:00\",\"author\":{\"@id\":\"https:\/\/www.bendiksenlaw.co\/#\/schema\/person\/3b44ad0a4d025595b0f18e6c407569e5\"},\"description\":\"Exciting news! Our managing partner talks to Revista Semana about the entry of Peruvian companies into Colombia and, its commercial and economic impact between these two countries.\",\"breadcrumb\":{\"@id\":\"https:\/\/www.bendiksenlaw.co\/sebastian-bendiksen-our-managing-partner-reveals-the-opportunities-and-challenges-of-trade-between-colombia-and-peru-in-revista-semana\/#breadcrumb\"},\"inLanguage\":\"es-CO\",\"potentialAction\":[{\"@type\":\"ReadAction\",\"target\":[\"https:\/\/www.bendiksenlaw.co\/sebastian-bendiksen-our-managing-partner-reveals-the-opportunities-and-challenges-of-trade-between-colombia-and-peru-in-revista-semana\/\"]}]},{\"@type\":\"ImageObject\",\"inLanguage\":\"es-CO\",\"@id\":\"https:\/\/www.bendiksenlaw.co\/sebastian-bendiksen-our-managing-partner-reveals-the-opportunities-and-challenges-of-trade-between-colombia-and-peru-in-revista-semana\/#primaryimage\",\"url\":\"https:\/\/www.bendiksenlaw.co\/wp-content\/uploads\/2023\/09\/2023-09-06-BENDIKSENLAW-Imagen-Blog-Ingles.jpg\",\"contentUrl\":\"https:\/\/www.bendiksenlaw.co\/wp-content\/uploads\/2023\/09\/2023-09-06-BENDIKSENLAW-Imagen-Blog-Ingles.jpg\",\"width\":1200,\"height\":1200},{\"@type\":\"BreadcrumbList\",\"@id\":\"https:\/\/www.bendiksenlaw.co\/sebastian-bendiksen-our-managing-partner-reveals-the-opportunities-and-challenges-of-trade-between-colombia-and-peru-in-revista-semana\/#breadcrumb\",\"itemListElement\":[{\"@type\":\"ListItem\",\"position\":1,\"name\":\"Home\",\"item\":\"https:\/\/www.bendiksenlaw.co\/\"},{\"@type\":\"ListItem\",\"position\":2,\"name\":\"Sebasti\u00e1n B\u00e9ndiksen, Our Managing Partner, Reveals the Opportunities and Challenges of Trade between Colombia and Peru in Revista Semana\"}]},{\"@type\":\"WebSite\",\"@id\":\"https:\/\/www.bendiksenlaw.co\/#website\",\"url\":\"https:\/\/www.bendiksenlaw.co\/\",\"name\":\"B\u00e9ndiksenLaw\",\"description\":\"Getting ahead\",\"potentialAction\":[{\"@type\":\"SearchAction\",\"target\":{\"@type\":\"EntryPoint\",\"urlTemplate\":\"https:\/\/www.bendiksenlaw.co\/?s={search_term_string}\"},\"query-input\":\"required name=search_term_string\"}],\"inLanguage\":\"es-CO\"},{\"@type\":\"Person\",\"@id\":\"https:\/\/www.bendiksenlaw.co\/#\/schema\/person\/3b44ad0a4d025595b0f18e6c407569e5\",\"name\":\"B\u00e9ndiksenLaw\",\"url\":\"https:\/\/www.bendiksenlaw.co\/es\/author\/contenido\/\"}]}<\/script>\n<!-- \/ Yoast SEO plugin. -->","yoast_head_json":{"title":"Sebasti\u00e1n B\u00e9ndiksen, Our Managing Partner, Reveals the Opportunities and Challenges of Trade between Colombia and Peru in Revista Semana - B\u00e9ndiksenLaw","description":"Exciting news! Our managing partner talks to Revista Semana about the entry of Peruvian companies into Colombia and, its commercial and economic impact between these two countries.","robots":{"index":"index","follow":"follow","max-snippet":"max-snippet:-1","max-image-preview":"max-image-preview:large","max-video-preview":"max-video-preview:-1"},"canonical":"https:\/\/www.bendiksenlaw.co\/es\/sebastian-bendiksen-nuestro-socio-director-revela-las-oportunidades-y-desafios-del-comercio-entre-colombia-y-peru-en-revista-semana\/","og_locale":"es_ES","og_type":"article","og_title":"Sebasti\u00e1n B\u00e9ndiksen, Our Managing Partner, Reveals the Opportunities and Challenges of Trade between Colombia and Peru in Revista Semana - B\u00e9ndiksenLaw","og_description":"Exciting news! Our managing partner talks to Revista Semana about the entry of Peruvian companies into Colombia and, its commercial and economic impact between these two countries.","og_url":"https:\/\/www.bendiksenlaw.co\/es\/sebastian-bendiksen-nuestro-socio-director-revela-las-oportunidades-y-desafios-del-comercio-entre-colombia-y-peru-en-revista-semana\/","og_site_name":"B\u00e9ndiksenLaw","article_published_time":"2023-09-08T09:58:00+00:00","article_modified_time":"2023-09-08T19:59:29+00:00","og_image":[{"width":1200,"height":1200,"url":"https:\/\/www.bendiksenlaw.co\/wp-content\/uploads\/2023\/09\/2023-09-06-BENDIKSENLAW-Imagen-Blog-Ingles.jpg","type":"image\/jpeg"}],"author":"B\u00e9ndiksenLaw","twitter_card":"summary_large_image","twitter_misc":{"Escrito por":"B\u00e9ndiksenLaw"},"schema":{"@context":"https:\/\/schema.org","@graph":[{"@type":"WebPage","@id":"https:\/\/www.bendiksenlaw.co\/sebastian-bendiksen-our-managing-partner-reveals-the-opportunities-and-challenges-of-trade-between-colombia-and-peru-in-revista-semana\/","url":"https:\/\/www.bendiksenlaw.co\/sebastian-bendiksen-our-managing-partner-reveals-the-opportunities-and-challenges-of-trade-between-colombia-and-peru-in-revista-semana\/","name":"Sebasti\u00e1n B\u00e9ndiksen, Our Managing Partner, Reveals the Opportunities and Challenges of Trade between Colombia and Peru in Revista Semana - B\u00e9ndiksenLaw","isPartOf":{"@id":"https:\/\/www.bendiksenlaw.co\/#website"},"primaryImageOfPage":{"@id":"https:\/\/www.bendiksenlaw.co\/sebastian-bendiksen-our-managing-partner-reveals-the-opportunities-and-challenges-of-trade-between-colombia-and-peru-in-revista-semana\/#primaryimage"},"image":{"@id":"https:\/\/www.bendiksenlaw.co\/sebastian-bendiksen-our-managing-partner-reveals-the-opportunities-and-challenges-of-trade-between-colombia-and-peru-in-revista-semana\/#primaryimage"},"thumbnailUrl":"https:\/\/www.bendiksenlaw.co\/wp-content\/uploads\/2023\/09\/2023-09-06-BENDIKSENLAW-Imagen-Blog-Ingles.jpg","datePublished":"2023-09-08T09:58:00+00:00","dateModified":"2023-09-08T19:59:29+00:00","author":{"@id":"https:\/\/www.bendiksenlaw.co\/#\/schema\/person\/3b44ad0a4d025595b0f18e6c407569e5"},"description":"Exciting news! Our managing partner talks to Revista Semana about the entry of Peruvian companies into Colombia and, its commercial and economic impact between these two countries.","breadcrumb":{"@id":"https:\/\/www.bendiksenlaw.co\/sebastian-bendiksen-our-managing-partner-reveals-the-opportunities-and-challenges-of-trade-between-colombia-and-peru-in-revista-semana\/#breadcrumb"},"inLanguage":"es-CO","potentialAction":[{"@type":"ReadAction","target":["https:\/\/www.bendiksenlaw.co\/sebastian-bendiksen-our-managing-partner-reveals-the-opportunities-and-challenges-of-trade-between-colombia-and-peru-in-revista-semana\/"]}]},{"@type":"ImageObject","inLanguage":"es-CO","@id":"https:\/\/www.bendiksenlaw.co\/sebastian-bendiksen-our-managing-partner-reveals-the-opportunities-and-challenges-of-trade-between-colombia-and-peru-in-revista-semana\/#primaryimage","url":"https:\/\/www.bendiksenlaw.co\/wp-content\/uploads\/2023\/09\/2023-09-06-BENDIKSENLAW-Imagen-Blog-Ingles.jpg","contentUrl":"https:\/\/www.bendiksenlaw.co\/wp-content\/uploads\/2023\/09\/2023-09-06-BENDIKSENLAW-Imagen-Blog-Ingles.jpg","width":1200,"height":1200},{"@type":"BreadcrumbList","@id":"https:\/\/www.bendiksenlaw.co\/sebastian-bendiksen-our-managing-partner-reveals-the-opportunities-and-challenges-of-trade-between-colombia-and-peru-in-revista-semana\/#breadcrumb","itemListElement":[{"@type":"ListItem","position":1,"name":"Home","item":"https:\/\/www.bendiksenlaw.co\/"},{"@type":"ListItem","position":2,"name":"Sebasti\u00e1n B\u00e9ndiksen, Our Managing Partner, Reveals the Opportunities and Challenges of Trade between Colombia and Peru in Revista Semana"}]},{"@type":"WebSite","@id":"https:\/\/www.bendiksenlaw.co\/#website","url":"https:\/\/www.bendiksenlaw.co\/","name":"B\u00e9ndiksenLaw","description":"Getting ahead","potentialAction":[{"@type":"SearchAction","target":{"@type":"EntryPoint","urlTemplate":"https:\/\/www.bendiksenlaw.co\/?s={search_term_string}"},"query-input":"required name=search_term_string"}],"inLanguage":"es-CO"},{"@type":"Person","@id":"https:\/\/www.bendiksenlaw.co\/#\/schema\/person\/3b44ad0a4d025595b0f18e6c407569e5","name":"B\u00e9ndiksenLaw","url":"https:\/\/www.bendiksenlaw.co\/es\/author\/contenido\/"}]}},"_links":{"self":[{"href":"https:\/\/www.bendiksenlaw.co\/es\/wp-json\/wp\/v2\/posts\/2190","targetHints":{"allow":["GET"]}}],"collection":[{"href":"https:\/\/www.bendiksenlaw.co\/es\/wp-json\/wp\/v2\/posts"}],"about":[{"href":"https:\/\/www.bendiksenlaw.co\/es\/wp-json\/wp\/v2\/types\/post"}],"author":[{"embeddable":true,"href":"https:\/\/www.bendiksenlaw.co\/es\/wp-json\/wp\/v2\/users\/3"}],"replies":[{"embeddable":true,"href":"https:\/\/www.bendiksenlaw.co\/es\/wp-json\/wp\/v2\/comments?post=2190"}],"version-history":[{"count":8,"href":"https:\/\/www.bendiksenlaw.co\/es\/wp-json\/wp\/v2\/posts\/2190\/revisions"}],"predecessor-version":[{"id":2219,"href":"https:\/\/www.bendiksenlaw.co\/es\/wp-json\/wp\/v2\/posts\/2190\/revisions\/2219"}],"wp:featuredmedia":[{"embeddable":true,"href":"https:\/\/www.bendiksenlaw.co\/es\/wp-json\/wp\/v2\/media\/2218"}],"wp:attachment":[{"href":"https:\/\/www.bendiksenlaw.co\/es\/wp-json\/wp\/v2\/media?parent=2190"}],"wp:term":[{"taxonomy":"category","embeddable":true,"href":"https:\/\/www.bendiksenlaw.co\/es\/wp-json\/wp\/v2\/categories?post=2190"},{"taxonomy":"post_tag","embeddable":true,"href":"https:\/\/www.bendiksenlaw.co\/es\/wp-json\/wp\/v2\/tags?post=2190"}],"curies":[{"name":"wp","href":"https:\/\/api.w.org\/{rel}","templated":true}]}}